{"id":2434,"date":"2021-09-30T14:28:23","date_gmt":"2021-09-30T12:28:23","guid":{"rendered":"https:\/\/gerydemardlin.com\/accident-mortel-de-la-circulation\/"},"modified":"2022-10-17T11:22:23","modified_gmt":"2022-10-17T09:22:23","slug":"fatal-traffic-accident","status":"publish","type":"post","link":"https:\/\/gerydemardlin.com\/en\/fatal-traffic-accident\/","title":{"rendered":"Fatal traffic accident"},"content":{"rendered":"[vc_row type=&#8221;in_container&#8221; full_screen_row_position=&#8221;middle&#8221; column_margin=&#8221;default&#8221; column_direction=&#8221;default&#8221; column_direction_tablet=&#8221;default&#8221; column_direction_phone=&#8221;default&#8221; scene_position=&#8221;center&#8221; left_padding_desktop=&#8221;8%&#8221; constrain_group_2=&#8221;yes&#8221; right_padding_desktop=&#8221;8%&#8221; text_color=&#8221;dark&#8221; text_align=&#8221;left&#8221; row_border_radius=&#8221;none&#8221; row_border_radius_applies=&#8221;bg&#8221; overflow=&#8221;visible&#8221; advanced_gradient_angle=&#8221;0&#8243; overlay_strength=&#8221;0.3&#8243; gradient_direction=&#8221;left_to_right&#8221; shape_divider_position=&#8221;bottom&#8221; bg_image_animation=&#8221;none&#8221; gradient_type=&#8221;default&#8221; shape_type=&#8221;&#8221;][vc_column column_padding=&#8221;no-extra-padding&#8221; column_padding_tablet=&#8221;inherit&#8221; column_padding_phone=&#8221;inherit&#8221; column_padding_position=&#8221;all&#8221; column_element_spacing=&#8221;default&#8221; background_color_opacity=&#8221;1&#8243; background_hover_color_opacity=&#8221;1&#8243; column_shadow=&#8221;none&#8221; column_border_radius=&#8221;none&#8221; column_link_target=&#8221;_self&#8221; column_position=&#8221;default&#8221; gradient_direction=&#8221;left_to_right&#8221; overlay_strength=&#8221;0.3&#8243; width=&#8221;1\/1&#8243; tablet_width_inherit=&#8221;default&#8221; tablet_text_alignment=&#8221;default&#8221; phone_text_alignment=&#8221;default&#8221; animation_type=&#8221;default&#8221; bg_image_animation=&#8221;none&#8221; border_type=&#8221;simple&#8221; column_border_width=&#8221;none&#8221; column_border_style=&#8221;solid&#8221;][vc_column_text el_class=&#8221;med&#8221;]\n<p style=\"text-align: center;\">Following the ruling of September, 30<sup>th<\/sup> \u00a02021, the 14<sup>th<\/sup> \u00a0Correctional Chamber of the Bobigny Judicial Court convicted and sentenced the perpetrator of a fatal traffic accident for manslaughter.<\/p>\n<p style=\"text-align: center;\">The civil parties were defended before the criminal court and in negotiations with the insurer of the driver of the vehicle in question by\u00a0 Fran\u00e7ois G\u00e9ry,\u00a0 Yasong Lin and Vincent Bavay.<\/p>\n[\/vc_column_text][divider line_type=&#8221;No Line&#8221; custom_height=&#8221;30&#8243;][nectar_cta btn_style=&#8221;underline&#8221; heading_tag=&#8221;p&#8221; text_color=&#8221;#5fc4e1&#8243; button_color=&#8221;default&#8221; button_border_thickness=&#8221;0px&#8221; link_type=&#8221;regular&#8221; alignment=&#8221;center&#8221; alignment_tablet=&#8221;default&#8221; alignment_phone=&#8221;default&#8221; display=&#8221;block&#8221; display_tablet=&#8221;inherit&#8221; display_phone=&#8221;inherit&#8221; link_text=&#8221;\u2190 Back to news&#8221; url=&#8221;\/en\/news&#8221;][\/vc_column][\/vc_row]\n","protected":false},"excerpt":{"rendered":"<p>[vc_row type=&#8221;in_container&#8221; full_screen_row_position=&#8221;middle&#8221; column_margin=&#8221;default&#8221; column_direction=&#8221;default&#8221; column_direction_tablet=&#8221;default&#8221; column_direction_phone=&#8221;default&#8221; scene_position=&#8221;center&#8221; left_padding_desktop=&#8221;8%&#8221; constrain_group_2=&#8221;yes&#8221; right_padding_desktop=&#8221;8%&#8221; text_color=&#8221;dark&#8221; text_align=&#8221;left&#8221; row_border_radius=&#8221;none&#8221; row_border_radius_applies=&#8221;bg&#8221; overflow=&#8221;visible&#8221; advanced_gradient_angle=&#8221;0&#8243; overlay_strength=&#8221;0.3&#8243; gradient_direction=&#8221;left_to_right&#8221; shape_divider_position=&#8221;bottom&#8221; bg_image_animation=&#8221;none&#8221; gradient_type=&#8221;default&#8221; shape_type=&#8221;&#8221;][vc_column column_padding=&#8221;no-extra-padding&#8221; column_padding_tablet=&#8221;inherit&#8221; column_padding_phone=&#8221;inherit&#8221; column_padding_position=&#8221;all&#8221; column_element_spacing=&#8221;default&#8221; background_color_opacity=&#8221;1&#8243; background_hover_color_opacity=&#8221;1&#8243;&#8230;<\/p>\n","protected":false},"author":1,"featured_media":2185,"comment_status":"closed","ping_status":"open","sticky":false,"template":"","format":"standard","meta":{"footnotes":""},"categories":[80],"tags":[],"class_list":{"0":"post-2434","1":"post","2":"type-post","3":"status-publish","4":"format-standard","5":"has-post-thumbnail","7":"category-last-processed-files"},"yoast_head":"<!-- This site is optimized with the Yoast SEO plugin v27.5 - https:\/\/yoast.com\/product\/yoast-seo-wordpress\/ -->\n<title>Fatal traffic accident - G\u00c9RY DEMARD LIN &amp; ASSOCI\u00c9S - Avocats Associ\u00e9s<\/title>\n<meta name=\"description\" content=\"Following the ruling of September, 30th 2021, the 14th Correctional Chamber of the Bobigny Judicial Court convicted and sentenced the perpetrator of a fatal traffic accident for manslaughter.\" \/>\n<meta name=\"robots\" content=\"index, follow, max-snippet:-1, max-image-preview:large, max-video-preview:-1\" \/>\n<link rel=\"canonical\" href=\"https:\/\/gerydemardlin.com\/en\/fatal-traffic-accident\/\" \/>\n<meta property=\"og:locale\" content=\"en_US\" \/>\n<meta property=\"og:type\" content=\"article\" \/>\n<meta property=\"og:title\" content=\"Fatal traffic accident - G\u00c9RY DEMARD LIN &amp; ASSOCI\u00c9S - Avocats Associ\u00e9s\" \/>\n<meta property=\"og:description\" content=\"Following the ruling of September, 30th 2021, the 14th Correctional Chamber of the Bobigny Judicial Court convicted and sentenced the perpetrator of a fatal traffic accident for manslaughter.\" \/>\n<meta property=\"og:url\" content=\"https:\/\/gerydemardlin.com\/en\/fatal-traffic-accident\/\" \/>\n<meta property=\"og:site_name\" content=\"G\u00c9RY DEMARD LIN &amp; ASSOCI\u00c9S - Avocats Associ\u00e9s\" \/>\n<meta property=\"article:published_time\" content=\"2021-09-30T12:28:23+00:00\" \/>\n<meta property=\"article:modified_time\" content=\"2022-10-17T09:22:23+00:00\" \/>\n<meta property=\"og:image\" content=\"https:\/\/gerydemardlin.com\/wp-content\/uploads\/2021\/10\/bochamp_article2.jpg\" \/>\n\t<meta property=\"og:image:width\" content=\"1900\" \/>\n\t<meta property=\"og:image:height\" content=\"872\" \/>\n\t<meta property=\"og:image:type\" content=\"image\/jpeg\" \/>\n<meta name=\"author\" content=\"WeAreBlow\" \/>\n<meta name=\"twitter:card\" content=\"summary_large_image\" \/>\n<meta name=\"twitter:label1\" content=\"Written by\" \/>\n\t<meta name=\"twitter:data1\" content=\"WeAreBlow\" \/>\n\t<meta name=\"twitter:label2\" content=\"Est. reading time\" \/>\n\t<meta name=\"twitter:data2\" content=\"1 minute\" \/>\n<script type=\"application\/ld+json\" class=\"yoast-schema-graph\">{\"@context\":\"https:\\\/\\\/schema.org\",\"@graph\":[{\"@type\":\"Article\",\"@id\":\"https:\\\/\\\/gerydemardlin.com\\\/en\\\/fatal-traffic-accident\\\/#article\",\"isPartOf\":{\"@id\":\"https:\\\/\\\/gerydemardlin.com\\\/en\\\/fatal-traffic-accident\\\/\"},\"author\":{\"name\":\"WeAreBlow\",\"@id\":\"https:\\\/\\\/gerydemardlin.com\\\/en\\\/#\\\/schema\\\/person\\\/f9f1bf6e13434bd394744c569ae3e6ce\"},\"headline\":\"Fatal traffic accident\",\"datePublished\":\"2021-09-30T12:28:23+00:00\",\"dateModified\":\"2022-10-17T09:22:23+00:00\",\"mainEntityOfPage\":{\"@id\":\"https:\\\/\\\/gerydemardlin.com\\\/en\\\/fatal-traffic-accident\\\/\"},\"wordCount\":285,\"publisher\":{\"@id\":\"https:\\\/\\\/gerydemardlin.com\\\/en\\\/#organization\"},\"image\":{\"@id\":\"https:\\\/\\\/gerydemardlin.com\\\/en\\\/fatal-traffic-accident\\\/#primaryimage\"},\"thumbnailUrl\":\"https:\\\/\\\/gerydemardlin.com\\\/wp-content\\\/uploads\\\/2021\\\/10\\\/bochamp_article2.jpg\",\"articleSection\":[\"Last processed files\"],\"inLanguage\":\"en-US\"},{\"@type\":\"WebPage\",\"@id\":\"https:\\\/\\\/gerydemardlin.com\\\/en\\\/fatal-traffic-accident\\\/\",\"url\":\"https:\\\/\\\/gerydemardlin.com\\\/en\\\/fatal-traffic-accident\\\/\",\"name\":\"Fatal traffic accident - G\u00c9RY DEMARD LIN & ASSOCI\u00c9S - Avocats Associ\u00e9s\",\"isPartOf\":{\"@id\":\"https:\\\/\\\/gerydemardlin.com\\\/en\\\/#website\"},\"primaryImageOfPage\":{\"@id\":\"https:\\\/\\\/gerydemardlin.com\\\/en\\\/fatal-traffic-accident\\\/#primaryimage\"},\"image\":{\"@id\":\"https:\\\/\\\/gerydemardlin.com\\\/en\\\/fatal-traffic-accident\\\/#primaryimage\"},\"thumbnailUrl\":\"https:\\\/\\\/gerydemardlin.com\\\/wp-content\\\/uploads\\\/2021\\\/10\\\/bochamp_article2.jpg\",\"datePublished\":\"2021-09-30T12:28:23+00:00\",\"dateModified\":\"2022-10-17T09:22:23+00:00\",\"description\":\"Following the ruling of September, 30th 2021, the 14th Correctional Chamber of the Bobigny Judicial Court convicted and sentenced the perpetrator of a fatal traffic accident for manslaughter.\",\"breadcrumb\":{\"@id\":\"https:\\\/\\\/gerydemardlin.com\\\/en\\\/fatal-traffic-accident\\\/#breadcrumb\"},\"inLanguage\":\"en-US\",\"potentialAction\":[{\"@type\":\"ReadAction\",\"target\":[\"https:\\\/\\\/gerydemardlin.com\\\/en\\\/fatal-traffic-accident\\\/\"]}]},{\"@type\":\"ImageObject\",\"inLanguage\":\"en-US\",\"@id\":\"https:\\\/\\\/gerydemardlin.com\\\/en\\\/fatal-traffic-accident\\\/#primaryimage\",\"url\":\"https:\\\/\\\/gerydemardlin.com\\\/wp-content\\\/uploads\\\/2021\\\/10\\\/bochamp_article2.jpg\",\"contentUrl\":\"https:\\\/\\\/gerydemardlin.com\\\/wp-content\\\/uploads\\\/2021\\\/10\\\/bochamp_article2.jpg\",\"width\":1900,\"height\":872},{\"@type\":\"BreadcrumbList\",\"@id\":\"https:\\\/\\\/gerydemardlin.com\\\/en\\\/fatal-traffic-accident\\\/#breadcrumb\",\"itemListElement\":[{\"@type\":\"ListItem\",\"position\":1,\"name\":\"Accueil\",\"item\":\"https:\\\/\\\/gerydemardlin.com\\\/en\\\/\"},{\"@type\":\"ListItem\",\"position\":2,\"name\":\"Fatal traffic accident\"}]},{\"@type\":\"WebSite\",\"@id\":\"https:\\\/\\\/gerydemardlin.com\\\/en\\\/#website\",\"url\":\"https:\\\/\\\/gerydemardlin.com\\\/en\\\/\",\"name\":\"G\u00c9RY DEMARD LIN & ASSOCI\u00c9S - Avocats Associ\u00e9s\",\"description\":\"Avocats au Barreau de Paris\",\"publisher\":{\"@id\":\"https:\\\/\\\/gerydemardlin.com\\\/en\\\/#organization\"},\"potentialAction\":[{\"@type\":\"SearchAction\",\"target\":{\"@type\":\"EntryPoint\",\"urlTemplate\":\"https:\\\/\\\/gerydemardlin.com\\\/en\\\/?s={search_term_string}\"},\"query-input\":{\"@type\":\"PropertyValueSpecification\",\"valueRequired\":true,\"valueName\":\"search_term_string\"}}],\"inLanguage\":\"en-US\"},{\"@type\":\"Organization\",\"@id\":\"https:\\\/\\\/gerydemardlin.com\\\/en\\\/#organization\",\"name\":\"G\u00c9RY DEMARD LIN & ASSOCI\u00c9S - Avocats Associ\u00e9s\",\"url\":\"https:\\\/\\\/gerydemardlin.com\\\/en\\\/\",\"logo\":{\"@type\":\"ImageObject\",\"inLanguage\":\"en-US\",\"@id\":\"https:\\\/\\\/gerydemardlin.com\\\/en\\\/#\\\/schema\\\/logo\\\/image\\\/\",\"url\":\"https:\\\/\\\/gerydemardlin.com\\\/wp-content\\\/uploads\\\/2024\\\/12\\\/gdl.svg\",\"contentUrl\":\"https:\\\/\\\/gerydemardlin.com\\\/wp-content\\\/uploads\\\/2024\\\/12\\\/gdl.svg\",\"width\":302,\"height\":460,\"caption\":\"G\u00c9RY DEMARD LIN & ASSOCI\u00c9S - Avocats Associ\u00e9s\"},\"image\":{\"@id\":\"https:\\\/\\\/gerydemardlin.com\\\/en\\\/#\\\/schema\\\/logo\\\/image\\\/\"},\"sameAs\":[\"https:\\\/\\\/www.linkedin.com\\\/company\\\/gdlassocies\\\/?originalSubdomain=fr\"]},{\"@type\":\"Person\",\"@id\":\"https:\\\/\\\/gerydemardlin.com\\\/en\\\/#\\\/schema\\\/person\\\/f9f1bf6e13434bd394744c569ae3e6ce\",\"name\":\"WeAreBlow\",\"image\":{\"@type\":\"ImageObject\",\"inLanguage\":\"en-US\",\"@id\":\"https:\\\/\\\/secure.gravatar.com\\\/avatar\\\/4fe45c4c426fb5aa4064d00ab9add0ae2ca6ed3b17aeb23f05d9f8cd81f0f6c8?s=96&d=mm&r=g\",\"url\":\"https:\\\/\\\/secure.gravatar.com\\\/avatar\\\/4fe45c4c426fb5aa4064d00ab9add0ae2ca6ed3b17aeb23f05d9f8cd81f0f6c8?s=96&d=mm&r=g\",\"contentUrl\":\"https:\\\/\\\/secure.gravatar.com\\\/avatar\\\/4fe45c4c426fb5aa4064d00ab9add0ae2ca6ed3b17aeb23f05d9f8cd81f0f6c8?s=96&d=mm&r=g\",\"caption\":\"WeAreBlow\"},\"sameAs\":[\"https:\\\/\\\/gerydemardlin.com\"],\"url\":\"https:\\\/\\\/gerydemardlin.com\\\/en\\\/author\\\/weareblow\\\/\"}]}<\/script>\n<!-- \/ Yoast SEO plugin. -->","yoast_head_json":{"title":"Fatal traffic accident - G\u00c9RY DEMARD LIN & ASSOCI\u00c9S - Avocats Associ\u00e9s","description":"Following the ruling of September, 30th 2021, the 14th Correctional Chamber of the Bobigny Judicial Court convicted and sentenced the perpetrator of a fatal traffic accident for manslaughter.","robots":{"index":"index","follow":"follow","max-snippet":"max-snippet:-1","max-image-preview":"max-image-preview:large","max-video-preview":"max-video-preview:-1"},"canonical":"https:\/\/gerydemardlin.com\/en\/fatal-traffic-accident\/","og_locale":"en_US","og_type":"article","og_title":"Fatal traffic accident - G\u00c9RY DEMARD LIN & ASSOCI\u00c9S - Avocats Associ\u00e9s","og_description":"Following the ruling of September, 30th 2021, the 14th Correctional Chamber of the Bobigny Judicial Court convicted and sentenced the perpetrator of a fatal traffic accident for manslaughter.","og_url":"https:\/\/gerydemardlin.com\/en\/fatal-traffic-accident\/","og_site_name":"G\u00c9RY DEMARD LIN & ASSOCI\u00c9S - Avocats Associ\u00e9s","article_published_time":"2021-09-30T12:28:23+00:00","article_modified_time":"2022-10-17T09:22:23+00:00","og_image":[{"width":1900,"height":872,"url":"https:\/\/gerydemardlin.com\/wp-content\/uploads\/2021\/10\/bochamp_article2.jpg","type":"image\/jpeg"}],"author":"WeAreBlow","twitter_card":"summary_large_image","twitter_misc":{"Written by":"WeAreBlow","Est. reading time":"1 minute"},"schema":{"@context":"https:\/\/schema.org","@graph":[{"@type":"Article","@id":"https:\/\/gerydemardlin.com\/en\/fatal-traffic-accident\/#article","isPartOf":{"@id":"https:\/\/gerydemardlin.com\/en\/fatal-traffic-accident\/"},"author":{"name":"WeAreBlow","@id":"https:\/\/gerydemardlin.com\/en\/#\/schema\/person\/f9f1bf6e13434bd394744c569ae3e6ce"},"headline":"Fatal traffic accident","datePublished":"2021-09-30T12:28:23+00:00","dateModified":"2022-10-17T09:22:23+00:00","mainEntityOfPage":{"@id":"https:\/\/gerydemardlin.com\/en\/fatal-traffic-accident\/"},"wordCount":285,"publisher":{"@id":"https:\/\/gerydemardlin.com\/en\/#organization"},"image":{"@id":"https:\/\/gerydemardlin.com\/en\/fatal-traffic-accident\/#primaryimage"},"thumbnailUrl":"https:\/\/gerydemardlin.com\/wp-content\/uploads\/2021\/10\/bochamp_article2.jpg","articleSection":["Last processed files"],"inLanguage":"en-US"},{"@type":"WebPage","@id":"https:\/\/gerydemardlin.com\/en\/fatal-traffic-accident\/","url":"https:\/\/gerydemardlin.com\/en\/fatal-traffic-accident\/","name":"Fatal traffic accident - G\u00c9RY DEMARD LIN & ASSOCI\u00c9S - Avocats Associ\u00e9s","isPartOf":{"@id":"https:\/\/gerydemardlin.com\/en\/#website"},"primaryImageOfPage":{"@id":"https:\/\/gerydemardlin.com\/en\/fatal-traffic-accident\/#primaryimage"},"image":{"@id":"https:\/\/gerydemardlin.com\/en\/fatal-traffic-accident\/#primaryimage"},"thumbnailUrl":"https:\/\/gerydemardlin.com\/wp-content\/uploads\/2021\/10\/bochamp_article2.jpg","datePublished":"2021-09-30T12:28:23+00:00","dateModified":"2022-10-17T09:22:23+00:00","description":"Following the ruling of September, 30th 2021, the 14th Correctional Chamber of the Bobigny Judicial Court convicted and sentenced the perpetrator of a fatal traffic accident for manslaughter.","breadcrumb":{"@id":"https:\/\/gerydemardlin.com\/en\/fatal-traffic-accident\/#breadcrumb"},"inLanguage":"en-US","potentialAction":[{"@type":"ReadAction","target":["https:\/\/gerydemardlin.com\/en\/fatal-traffic-accident\/"]}]},{"@type":"ImageObject","inLanguage":"en-US","@id":"https:\/\/gerydemardlin.com\/en\/fatal-traffic-accident\/#primaryimage","url":"https:\/\/gerydemardlin.com\/wp-content\/uploads\/2021\/10\/bochamp_article2.jpg","contentUrl":"https:\/\/gerydemardlin.com\/wp-content\/uploads\/2021\/10\/bochamp_article2.jpg","width":1900,"height":872},{"@type":"BreadcrumbList","@id":"https:\/\/gerydemardlin.com\/en\/fatal-traffic-accident\/#breadcrumb","itemListElement":[{"@type":"ListItem","position":1,"name":"Accueil","item":"https:\/\/gerydemardlin.com\/en\/"},{"@type":"ListItem","position":2,"name":"Fatal traffic accident"}]},{"@type":"WebSite","@id":"https:\/\/gerydemardlin.com\/en\/#website","url":"https:\/\/gerydemardlin.com\/en\/","name":"G\u00c9RY DEMARD LIN & ASSOCI\u00c9S - Avocats Associ\u00e9s","description":"Avocats au Barreau de Paris","publisher":{"@id":"https:\/\/gerydemardlin.com\/en\/#organization"},"potentialAction":[{"@type":"SearchAction","target":{"@type":"EntryPoint","urlTemplate":"https:\/\/gerydemardlin.com\/en\/?s={search_term_string}"},"query-input":{"@type":"PropertyValueSpecification","valueRequired":true,"valueName":"search_term_string"}}],"inLanguage":"en-US"},{"@type":"Organization","@id":"https:\/\/gerydemardlin.com\/en\/#organization","name":"G\u00c9RY DEMARD LIN & ASSOCI\u00c9S - Avocats Associ\u00e9s","url":"https:\/\/gerydemardlin.com\/en\/","logo":{"@type":"ImageObject","inLanguage":"en-US","@id":"https:\/\/gerydemardlin.com\/en\/#\/schema\/logo\/image\/","url":"https:\/\/gerydemardlin.com\/wp-content\/uploads\/2024\/12\/gdl.svg","contentUrl":"https:\/\/gerydemardlin.com\/wp-content\/uploads\/2024\/12\/gdl.svg","width":302,"height":460,"caption":"G\u00c9RY DEMARD LIN & ASSOCI\u00c9S - Avocats Associ\u00e9s"},"image":{"@id":"https:\/\/gerydemardlin.com\/en\/#\/schema\/logo\/image\/"},"sameAs":["https:\/\/www.linkedin.com\/company\/gdlassocies\/?originalSubdomain=fr"]},{"@type":"Person","@id":"https:\/\/gerydemardlin.com\/en\/#\/schema\/person\/f9f1bf6e13434bd394744c569ae3e6ce","name":"WeAreBlow","image":{"@type":"ImageObject","inLanguage":"en-US","@id":"https:\/\/secure.gravatar.com\/avatar\/4fe45c4c426fb5aa4064d00ab9add0ae2ca6ed3b17aeb23f05d9f8cd81f0f6c8?s=96&d=mm&r=g","url":"https:\/\/secure.gravatar.com\/avatar\/4fe45c4c426fb5aa4064d00ab9add0ae2ca6ed3b17aeb23f05d9f8cd81f0f6c8?s=96&d=mm&r=g","contentUrl":"https:\/\/secure.gravatar.com\/avatar\/4fe45c4c426fb5aa4064d00ab9add0ae2ca6ed3b17aeb23f05d9f8cd81f0f6c8?s=96&d=mm&r=g","caption":"WeAreBlow"},"sameAs":["https:\/\/gerydemardlin.com"],"url":"https:\/\/gerydemardlin.com\/en\/author\/weareblow\/"}]}},"_links":{"self":[{"href":"https:\/\/gerydemardlin.com\/en\/wp-json\/wp\/v2\/posts\/2434","targetHints":{"allow":["GET"]}}],"collection":[{"href":"https:\/\/gerydemardlin.com\/en\/wp-json\/wp\/v2\/posts"}],"about":[{"href":"https:\/\/gerydemardlin.com\/en\/wp-json\/wp\/v2\/types\/post"}],"author":[{"embeddable":true,"href":"https:\/\/gerydemardlin.com\/en\/wp-json\/wp\/v2\/users\/1"}],"replies":[{"embeddable":true,"href":"https:\/\/gerydemardlin.com\/en\/wp-json\/wp\/v2\/comments?post=2434"}],"version-history":[{"count":1,"href":"https:\/\/gerydemardlin.com\/en\/wp-json\/wp\/v2\/posts\/2434\/revisions"}],"predecessor-version":[{"id":2436,"href":"https:\/\/gerydemardlin.com\/en\/wp-json\/wp\/v2\/posts\/2434\/revisions\/2436"}],"wp:featuredmedia":[{"embeddable":true,"href":"https:\/\/gerydemardlin.com\/en\/wp-json\/wp\/v2\/media\/2185"}],"wp:attachment":[{"href":"https:\/\/gerydemardlin.com\/en\/wp-json\/wp\/v2\/media?parent=2434"}],"wp:term":[{"taxonomy":"category","embeddable":true,"href":"https:\/\/gerydemardlin.com\/en\/wp-json\/wp\/v2\/categories?post=2434"},{"taxonomy":"post_tag","embeddable":true,"href":"https:\/\/gerydemardlin.com\/en\/wp-json\/wp\/v2\/tags?post=2434"}],"curies":[{"name":"wp","href":"https:\/\/api.w.org\/{rel}","templated":true}]}}